{"id":877,"date":"2015-05-26T20:22:00","date_gmt":"2015-05-26T19:22:00","guid":{"rendered":"http:\/\/www.cotentinvolibre.com\/?p=877"},"modified":"2015-05-26T20:33:44","modified_gmt":"2015-05-26T19:33:44","slug":"sortie-feminine-2015-de-la-ligue-de-normandie-de-vol-libre","status":"publish","type":"post","link":"https:\/\/www.cotentinvolibre.com\/?p=877","title":{"rendered":"Sortie f\u00e9minine 2015 de la ligue de Normandie de vol libre"},"content":{"rendered":"<p>La sortie f\u00e9minine 2015 de la ligue de Normandie de vol libre s&rsquo;est d\u00e9roul\u00e9e du 8 au 10 Mai sur les sites de la Seine Maritime et dans de bonnes conditions par rapport aux mauvaises pr\u00e9visions m\u00e9t\u00e9o.<\/p>\n<p>Seule la journ\u00e9e du samedi n\u2019\u00e9tait pas volable mais a permis \u00e0 toutes et \u00e0 tous de visiter une bonne partie des sites de vol de la Seine Maritime.<\/p>\n<p>Nos f\u00e9minines Ang\u00e9lique\u00a0Troussier, St\u00e9fanie Assel, Claire Voiseux, Chantal Guiraudou, Sandrine Couli\u00e9 et Charlotte Olivier ont bien appr\u00e9ci\u00e9 cette nouvelle sortie.<\/p>\n<p>Cette sortie a aussi permis de valider la pratique du brevet de pilote confirm\u00e9 pour Charlotte Olivier et les qualifications d\u2019accompagnateur et animateur f\u00e9d\u00e9ral de Curt Knabe et Alain Robert.<\/p>\n<p><a href=\"https:\/\/www.cotentinvolibre.com\/?page_id=883\">Le compte-rendu d&rsquo;Aude Chaplain de l&rsquo;AS Icare<\/a><\/p>\n<p><img decoding=\"async\" class=\"ngg_displayed_gallery mceItem\" src=\"https:\/\/www.cotentinvolibre.com\/index.php\/nextgen-attach_to_post\/preview\/id--878\" alt=\"\" \/><br \/>\n<iframe loading=\"lazy\" src=\"https:\/\/player.vimeo.com\/video\/128899470\" width=\"500\" height=\"280\" frameborder=\"0\" allowfullscreen=\"allowfullscreen\"><\/iframe><\/p>\n<p><a href=\"https:\/\/vimeo.com\/128899470\">Sortie f\u00e9minine 2015 de la ligue de Normandie de vol libre<\/a> from <a href=\"https:\/\/vimeo.com\/user40496641\">CVL<\/a> on <a href=\"https:\/\/vimeo.com\">Vimeo<\/a>.<\/p>\n","protected":false},"excerpt":{"rendered":"<p>La sortie f\u00e9minine 2015 de la ligue de Normandie de vol libre s&rsquo;est d\u00e9roul\u00e9e du 8 au 10 Mai sur les sites de la Seine Maritime et dans de bonnes conditions par rapport aux mauvaises pr\u00e9visions m\u00e9t\u00e9o. Seule la journ\u00e9e du samedi n\u2019\u00e9tait pas volable mais a permis \u00e0 toutes et \u00e0 tous de visiter [&hellip;]<\/p>\n","protected":false},"author":1,"featured_media":880,"comment_status":"open","ping_status":"open","sticky":false,"template":"","format":"standard","meta":{"_uag_custom_page_level_css":"","footnotes":""},"categories":[11,15,12],"tags":[],"class_list":["post-877","post","type-post","status-publish","format-standard","has-post-thumbnail","hentry","category-activites","category-club","category-evenements","entry","has-media"],"featured_image_src":"https:\/\/www.cotentinvolibre.com\/wp-content\/uploads\/2015\/05\/DSCF3171.jpg","author_info":{"display_name":"CVL","author_link":"https:\/\/www.cotentinvolibre.com\/?author=1"},"uagb_featured_image_src":{"full":["https:\/\/www.cotentinvolibre.com\/wp-content\/uploads\/2015\/05\/DSCF3171.jpg",1280,960,false],"thumbnail":["https:\/\/www.cotentinvolibre.com\/wp-content\/uploads\/2015\/05\/DSCF3171-150x150.jpg",150,150,true],"medium":["https:\/\/www.cotentinvolibre.com\/wp-content\/uploads\/2015\/05\/DSCF3171-300x225.jpg",300,225,true],"medium_large":["https:\/\/www.cotentinvolibre.com\/wp-content\/uploads\/2015\/05\/DSCF3171.jpg",768,576,false],"large":["https:\/\/www.cotentinvolibre.com\/wp-content\/uploads\/2015\/05\/DSCF3171-1024x768.jpg",1024,768,true],"1536x1536":["https:\/\/www.cotentinvolibre.com\/wp-content\/uploads\/2015\/05\/DSCF3171.jpg",1280,960,false],"2048x2048":["https:\/\/www.cotentinvolibre.com\/wp-content\/uploads\/2015\/05\/DSCF3171.jpg",1280,960,false],"ocean-thumb-m":["https:\/\/www.cotentinvolibre.com\/wp-content\/uploads\/2015\/05\/DSCF3171.jpg",600,450,false],"ocean-thumb-ml":["https:\/\/www.cotentinvolibre.com\/wp-content\/uploads\/2015\/05\/DSCF3171.jpg",600,450,false],"ocean-thumb-l":["https:\/\/www.cotentinvolibre.com\/wp-content\/uploads\/2015\/05\/DSCF3171.jpg",933,700,false]},"uagb_author_info":{"display_name":"CVL","author_link":"https:\/\/www.cotentinvolibre.com\/?author=1"},"uagb_comment_info":0,"uagb_excerpt":"La sortie f\u00e9minine 2015 de la ligue de Normandie de vol libre s&rsquo;est d\u00e9roul\u00e9e du 8 au 10 Mai sur les sites de la Seine Maritime et dans de bonnes conditions par rapport aux mauvaises pr\u00e9visions m\u00e9t\u00e9o. Seule la journ\u00e9e du samedi n\u2019\u00e9tait pas volable mais a permis \u00e0 toutes et \u00e0 tous de visiter\u2026","_links":{"self":[{"href":"https:\/\/www.cotentinvolibre.com\/index.php?rest_route=\/wp\/v2\/posts\/877","targetHints":{"allow":["GET"]}}],"collection":[{"href":"https:\/\/www.cotentinvolibre.com\/index.php?rest_route=\/wp\/v2\/posts"}],"about":[{"href":"https:\/\/www.cotentinvolibre.com\/index.php?rest_route=\/wp\/v2\/types\/post"}],"author":[{"embeddable":true,"href":"https:\/\/www.cotentinvolibre.com\/index.php?rest_route=\/wp\/v2\/users\/1"}],"replies":[{"embeddable":true,"href":"https:\/\/www.cotentinvolibre.com\/index.php?rest_route=%2Fwp%2Fv2%2Fcomments&post=877"}],"version-history":[{"count":0,"href":"https:\/\/www.cotentinvolibre.com\/index.php?rest_route=\/wp\/v2\/posts\/877\/revisions"}],"wp:featuredmedia":[{"embeddable":true,"href":"https:\/\/www.cotentinvolibre.com\/index.php?rest_route=\/wp\/v2\/media\/880"}],"wp:attachment":[{"href":"https:\/\/www.cotentinvolibre.com\/index.php?rest_route=%2Fwp%2Fv2%2Fmedia&parent=877"}],"wp:term":[{"taxonomy":"category","embeddable":true,"href":"https:\/\/www.cotentinvolibre.com\/index.php?rest_route=%2Fwp%2Fv2%2Fcategories&post=877"},{"taxonomy":"post_tag","embeddable":true,"href":"https:\/\/www.cotentinvolibre.com\/index.php?rest_route=%2Fwp%2Fv2%2Ftags&post=877"}],"curies":[{"name":"wp","href":"https:\/\/api.w.org\/{rel}","templated":true}]}}