{"id":4155,"date":"2026-04-29T11:17:12","date_gmt":"2026-04-29T10:17:12","guid":{"rendered":"https:\/\/www.cotentinvolibre.com\/?p=4155"},"modified":"2026-04-29T11:20:06","modified_gmt":"2026-04-29T10:20:06","slug":"%e2%9a%a0%ef%b8%8f-evolution-des-espaces-aeriens-dans-le-cotentin-sup-aip-076-26","status":"publish","type":"post","link":"https:\/\/www.cotentinvolibre.com\/?p=4155","title":{"rendered":"\u26a0\ufe0f \u00c9volution des espaces a\u00e9riens dans le Cotentin (SUP AIP 076\/26)"},"content":{"rendered":"\n<p>Une \u00e9volution importante des\u00a0<strong>espaces a\u00e9riens dans le Cotentin<\/strong>\u00a0concerne directement la pratique du\u00a0<strong>parapente et du deltaplane <\/strong>sur les sites de Carteret et des Pierres Pouquel\u00e9es.<\/p>\n\n\n\n<p>Le\u00a0<strong>SUP AIP 076\/26<\/strong>\u00a0pr\u00e9voit la mise en place de\u00a0<strong>zones r\u00e9glement\u00e9es temporaires (ZRT)<\/strong>\u00a0et\u00a0<strong>zones dangereuses (ZDT)<\/strong> sur une large partie du littoral.<\/p>\n\n\n\n<div data-wp-interactive=\"core\/file\" class=\"wp-block-file\"><object data-wp-bind--hidden=\"!state.hasPdfPreview\" hidden class=\"wp-block-file__embed\" data=\"https:\/\/www.cotentinvolibre.com\/wp-content\/uploads\/2026\/04\/lf_sup_2026_076_fr.pdf\" type=\"application\/pdf\" style=\"width:100%;height:600px\" aria-label=\"Contenu embarqu\u00e9 lf_sup_2026_076_fr.\"><\/object><a id=\"wp-block-file--media-a619f9c3-6ba3-4b4a-aa6c-0b15b0d0d37d\" href=\"https:\/\/www.cotentinvolibre.com\/wp-content\/uploads\/2026\/04\/lf_sup_2026_076_fr.pdf\">lf_sup_2026_076_fr<\/a><a href=\"https:\/\/www.cotentinvolibre.com\/wp-content\/uploads\/2026\/04\/lf_sup_2026_076_fr.pdf\" class=\"wp-block-file__button wp-element-button\" download aria-describedby=\"wp-block-file--media-a619f9c3-6ba3-4b4a-aa6c-0b15b0d0d37d\">T\u00e9l\u00e9charger<\/a><\/div>\n\n\n\n<hr class=\"wp-block-separator has-alpha-channel-opacity\"\/>\n\n\n\n<p>Ces nouvelles r\u00e8gles sont en vigueur \u00a0<strong>du 27 avril 2026 au 26 avril 2027<\/strong>.<\/p>\n\n\n\n<p>Ces zones sont cr\u00e9\u00e9es pour permettre des\u00a0<strong>vols de drones hors vue (BVLOS)<\/strong>\u00a0dans le cadre de\u00a0<strong>missions de surveillance maritime pour la Marine nationale<\/strong>.\u00a0Ces op\u00e9rations n\u00e9cessitent une\u00a0<strong>s\u00e9paration stricte avec les autres usagers de l\u2019espace a\u00e9rien<\/strong>, dont les pratiquants de vol libre.<\/p>\n\n\n\n<hr class=\"wp-block-separator has-alpha-channel-opacity\"\/>\n\n\n\n<h2 class=\"wp-block-heading\" id=\"2-%E2%9A%A0%EF%B8%8F-impact-pour-le-vol-libre\">Impact pour le vol libre<\/h2>\n\n\n\n<ul class=\"wp-block-list\">\n<li>Zones activables par\u00a0<strong>NOTAM avec 24h de pr\u00e9avis<\/strong><\/li>\n\n\n\n<li>Activation possible en\u00a0<strong>30 minutes seulement <\/strong><\/li>\n\n\n\n<li><strong>Interdiction de p\u00e9n\u00e9trer la zone lorsqu\u2019elle est active (contournement obligatoire)<\/strong><\/li>\n<\/ul>\n\n\n\n<hr class=\"wp-block-separator has-alpha-channel-opacity\"\/>\n\n\n\n<h2 class=\"wp-block-heading\" id=\"3-carteret-un-site-de-parapente-particuli%C3%A8rement-concern%C3%A9\">Carteret : un site particuli\u00e8rement concern\u00e9<\/h2>\n\n\n\n<p>Le\u00a0<strong>site de Carteret<\/strong> (d\u00e9co sud et nord-ouest)\u00a0est directement impact\u00e9 par la ZRT DEP Portbail.<\/p>\n\n\n\n<p>Les <strong>Pierres Pouquel\u00e9es<\/strong> sont \u00e9galement concern\u00e9es pour les pilotes souhaitant rejoindre le Nez de Jobourg.<\/p>\n\n\n\n<hr class=\"wp-block-separator has-alpha-channel-opacity\"\/>\n\n\n\n<h2 class=\"wp-block-heading\" id=\"4-v%C3%A9rification-des-notam-obligatoire\">V\u00e9rification des NOTAM obligatoire<\/h2>\n\n\n\n<p>Avant chaque session, il est indispensable de :<\/p>\n\n\n\n<ul class=\"wp-block-list\">\n<li>consulter les\u00a0<strong>NOTAM en vigueur<\/strong><\/li>\n\n\n\n<li>v\u00e9rifier l\u2019activation des zones concern\u00e9es<\/li>\n\n\n\n<li>adapter son site ou renoncer si n\u00e9cessaire<\/li>\n<\/ul>\n\n\n\n<p>Cette v\u00e9rification fait partie de la\u00a0<strong>responsabilit\u00e9 du pilote<\/strong>.<\/p>\n\n\n\n<p>Une mise \u00e0 jour sera publi\u00e9e d\u00e8s r\u00e9ception d\u2019informations compl\u00e9mentaires.<\/p>\n","protected":false},"excerpt":{"rendered":"<p>Une \u00e9volution importante des\u00a0espaces a\u00e9riens dans le Cotentin\u00a0concerne directement la pratique du\u00a0parapente et du deltaplane sur les sites de Carteret et des Pierres Pouquel\u00e9es. Le\u00a0SUP AIP 076\/26\u00a0pr\u00e9voit la mise en place de\u00a0zones r\u00e9glement\u00e9es temporaires (ZRT)\u00a0et\u00a0zones dangereuses (ZDT) sur une large partie du littoral. Ces nouvelles r\u00e8gles sont en vigueur \u00a0du 27 avril 2026 au 26 [&hellip;]<\/p>\n","protected":false},"author":1,"featured_media":983,"comment_status":"open","ping_status":"open","sticky":false,"template":"","format":"standard","meta":{"_uag_custom_page_level_css":"","footnotes":""},"categories":[46,1],"tags":[],"class_list":["post-4155","post","type-post","status-publish","format-standard","has-post-thumbnail","hentry","category-accueil","category-non-classe","entry","has-media"],"featured_image_src":"https:\/\/www.cotentinvolibre.com\/wp-content\/uploads\/2015\/06\/slide10.jpg","author_info":{"display_name":"CVL","author_link":"https:\/\/www.cotentinvolibre.com\/?author=1"},"uagb_featured_image_src":{"full":["https:\/\/www.cotentinvolibre.com\/wp-content\/uploads\/2015\/06\/slide10.jpg",3888,1000,false],"thumbnail":["https:\/\/www.cotentinvolibre.com\/wp-content\/uploads\/2015\/06\/slide10-150x150.jpg",150,150,true],"medium":["https:\/\/www.cotentinvolibre.com\/wp-content\/uploads\/2015\/06\/slide10-300x77.jpg",300,77,true],"medium_large":["https:\/\/www.cotentinvolibre.com\/wp-content\/uploads\/2015\/06\/slide10.jpg",768,198,false],"large":["https:\/\/www.cotentinvolibre.com\/wp-content\/uploads\/2015\/06\/slide10-1024x263.jpg",1024,263,true],"1536x1536":["https:\/\/www.cotentinvolibre.com\/wp-content\/uploads\/2015\/06\/slide10.jpg",1536,395,false],"2048x2048":["https:\/\/www.cotentinvolibre.com\/wp-content\/uploads\/2015\/06\/slide10.jpg",2048,527,false],"ocean-thumb-m":["https:\/\/www.cotentinvolibre.com\/wp-content\/uploads\/2015\/06\/slide10.jpg",600,154,false],"ocean-thumb-ml":["https:\/\/www.cotentinvolibre.com\/wp-content\/uploads\/2015\/06\/slide10.jpg",800,206,false],"ocean-thumb-l":["https:\/\/www.cotentinvolibre.com\/wp-content\/uploads\/2015\/06\/slide10.jpg",1200,309,false]},"uagb_author_info":{"display_name":"CVL","author_link":"https:\/\/www.cotentinvolibre.com\/?author=1"},"uagb_comment_info":0,"uagb_excerpt":"Une \u00e9volution importante des\u00a0espaces a\u00e9riens dans le Cotentin\u00a0concerne directement la pratique du\u00a0parapente et du deltaplane sur les sites de Carteret et des Pierres Pouquel\u00e9es. Le\u00a0SUP AIP 076\/26\u00a0pr\u00e9voit la mise en place de\u00a0zones r\u00e9glement\u00e9es temporaires (ZRT)\u00a0et\u00a0zones dangereuses (ZDT) sur une large partie du littoral. Ces nouvelles r\u00e8gles sont en vigueur \u00a0du 27 avril 2026 au 26\u2026","_links":{"self":[{"href":"https:\/\/www.cotentinvolibre.com\/index.php?rest_route=\/wp\/v2\/posts\/4155","targetHints":{"allow":["GET"]}}],"collection":[{"href":"https:\/\/www.cotentinvolibre.com\/index.php?rest_route=\/wp\/v2\/posts"}],"about":[{"href":"https:\/\/www.cotentinvolibre.com\/index.php?rest_route=\/wp\/v2\/types\/post"}],"author":[{"embeddable":true,"href":"https:\/\/www.cotentinvolibre.com\/index.php?rest_route=\/wp\/v2\/users\/1"}],"replies":[{"embeddable":true,"href":"https:\/\/www.cotentinvolibre.com\/index.php?rest_route=%2Fwp%2Fv2%2Fcomments&post=4155"}],"version-history":[{"count":3,"href":"https:\/\/www.cotentinvolibre.com\/index.php?rest_route=\/wp\/v2\/posts\/4155\/revisions"}],"predecessor-version":[{"id":4159,"href":"https:\/\/www.cotentinvolibre.com\/index.php?rest_route=\/wp\/v2\/posts\/4155\/revisions\/4159"}],"wp:featuredmedia":[{"embeddable":true,"href":"https:\/\/www.cotentinvolibre.com\/index.php?rest_route=\/wp\/v2\/media\/983"}],"wp:attachment":[{"href":"https:\/\/www.cotentinvolibre.com\/index.php?rest_route=%2Fwp%2Fv2%2Fmedia&parent=4155"}],"wp:term":[{"taxonomy":"category","embeddable":true,"href":"https:\/\/www.cotentinvolibre.com\/index.php?rest_route=%2Fwp%2Fv2%2Fcategories&post=4155"},{"taxonomy":"post_tag","embeddable":true,"href":"https:\/\/www.cotentinvolibre.com\/index.php?rest_route=%2Fwp%2Fv2%2Ftags&post=4155"}],"curies":[{"name":"wp","href":"https:\/\/api.w.org\/{rel}","templated":true}]}}