{"id":1450,"date":"2017-01-22T10:19:41","date_gmt":"2017-01-22T09:19:41","guid":{"rendered":"http:\/\/www.cotentinvolibre.com\/?p=1450"},"modified":"2017-01-22T10:22:23","modified_gmt":"2017-01-22T09:22:23","slug":"entretien-dielette","status":"publish","type":"post","link":"https:\/\/www.cotentinvolibre.com\/?p=1450","title":{"rendered":"Entretien Dielette"},"content":{"rendered":"<p>A d\u00e9faut de pouvoir voler en ce mois de Janvier, ce samedi c\u2019\u00e9tait r\u00e9fection des cl\u00f4tures et entretien des espaces vert sur notre site de Dielette.<\/p>\n<p>Merci aux participants.<\/p>\n<div id='gallery-1' class='gallery galleryid-1450 gallery-columns-5 gallery-size-thumbnail'><figure class='gallery-item'>\n\t\t\t<div class='gallery-icon landscape'>\n\t\t\t\t<a href='https:\/\/www.cotentinvolibre.com\/?attachment_id=1451'><img loading=\"lazy\" decoding=\"async\" width=\"150\" height=\"150\" src=\"https:\/\/www.cotentinvolibre.com\/wp-content\/uploads\/2017\/01\/dielette1-150x150.jpg\" class=\"attachment-thumbnail size-thumbnail\" alt=\"\" \/><\/a>\n\t\t\t<\/div><\/figure><figure class='gallery-item'>\n\t\t\t<div class='gallery-icon landscape'>\n\t\t\t\t<a href='https:\/\/www.cotentinvolibre.com\/?attachment_id=1455'><img loading=\"lazy\" decoding=\"async\" width=\"150\" height=\"150\" src=\"https:\/\/www.cotentinvolibre.com\/wp-content\/uploads\/2017\/01\/rps20170121_135852-150x150.jpg\" class=\"attachment-thumbnail size-thumbnail\" alt=\"\" \/><\/a>\n\t\t\t<\/div><\/figure><figure class='gallery-item'>\n\t\t\t<div class='gallery-icon landscape'>\n\t\t\t\t<a href='https:\/\/www.cotentinvolibre.com\/?attachment_id=1454'><img loading=\"lazy\" decoding=\"async\" width=\"150\" height=\"150\" src=\"https:\/\/www.cotentinvolibre.com\/wp-content\/uploads\/2017\/01\/rps20170121_135754-150x150.jpg\" class=\"attachment-thumbnail size-thumbnail\" alt=\"\" \/><\/a>\n\t\t\t<\/div><\/figure><figure class='gallery-item'>\n\t\t\t<div class='gallery-icon landscape'>\n\t\t\t\t<a href='https:\/\/www.cotentinvolibre.com\/?attachment_id=1452'><img loading=\"lazy\" decoding=\"async\" width=\"150\" height=\"150\" src=\"https:\/\/www.cotentinvolibre.com\/wp-content\/uploads\/2017\/01\/dielette6-150x150.jpg\" class=\"attachment-thumbnail size-thumbnail\" alt=\"\" \/><\/a>\n\t\t\t<\/div><\/figure><figure class='gallery-item'>\n\t\t\t<div class='gallery-icon landscape'>\n\t\t\t\t<a href='https:\/\/www.cotentinvolibre.com\/?attachment_id=1453'><img loading=\"lazy\" decoding=\"async\" width=\"150\" height=\"150\" src=\"https:\/\/www.cotentinvolibre.com\/wp-content\/uploads\/2017\/01\/rps20170121_135724-150x150.jpg\" class=\"attachment-thumbnail size-thumbnail\" alt=\"\" \/><\/a>\n\t\t\t<\/div><\/figure>\n\t\t<\/div>\n\n","protected":false},"excerpt":{"rendered":"<p>A d\u00e9faut de pouvoir voler en ce mois de Janvier, ce samedi c\u2019\u00e9tait r\u00e9fection des cl\u00f4tures et entretien des espaces vert sur notre site de Dielette. Merci aux participants.<\/p>\n","protected":false},"author":1,"featured_media":1455,"comment_status":"open","ping_status":"open","sticky":false,"template":"","format":"standard","meta":{"_uag_custom_page_level_css":"","footnotes":""},"categories":[15],"tags":[],"class_list":["post-1450","post","type-post","status-publish","format-standard","has-post-thumbnail","hentry","category-club","entry","has-media"],"featured_image_src":"https:\/\/www.cotentinvolibre.com\/wp-content\/uploads\/2017\/01\/rps20170121_135852.jpg","author_info":{"display_name":"CVL","author_link":"https:\/\/www.cotentinvolibre.com\/?author=1"},"uagb_featured_image_src":{"full":["https:\/\/www.cotentinvolibre.com\/wp-content\/uploads\/2017\/01\/rps20170121_135852.jpg",1280,720,false],"thumbnail":["https:\/\/www.cotentinvolibre.com\/wp-content\/uploads\/2017\/01\/rps20170121_135852-150x150.jpg",150,150,true],"medium":["https:\/\/www.cotentinvolibre.com\/wp-content\/uploads\/2017\/01\/rps20170121_135852-300x169.jpg",300,169,true],"medium_large":["https:\/\/www.cotentinvolibre.com\/wp-content\/uploads\/2017\/01\/rps20170121_135852.jpg",768,432,false],"large":["https:\/\/www.cotentinvolibre.com\/wp-content\/uploads\/2017\/01\/rps20170121_135852-1024x576.jpg",1024,576,true],"1536x1536":["https:\/\/www.cotentinvolibre.com\/wp-content\/uploads\/2017\/01\/rps20170121_135852.jpg",1280,720,false],"2048x2048":["https:\/\/www.cotentinvolibre.com\/wp-content\/uploads\/2017\/01\/rps20170121_135852.jpg",1280,720,false],"ocean-thumb-m":["https:\/\/www.cotentinvolibre.com\/wp-content\/uploads\/2017\/01\/rps20170121_135852.jpg",600,338,false],"ocean-thumb-ml":["https:\/\/www.cotentinvolibre.com\/wp-content\/uploads\/2017\/01\/rps20170121_135852.jpg",800,450,false],"ocean-thumb-l":["https:\/\/www.cotentinvolibre.com\/wp-content\/uploads\/2017\/01\/rps20170121_135852.jpg",1200,675,false]},"uagb_author_info":{"display_name":"CVL","author_link":"https:\/\/www.cotentinvolibre.com\/?author=1"},"uagb_comment_info":0,"uagb_excerpt":"A d\u00e9faut de pouvoir voler en ce mois de Janvier, ce samedi c\u2019\u00e9tait r\u00e9fection des cl\u00f4tures et entretien des espaces vert sur notre site de Dielette. Merci aux participants.","_links":{"self":[{"href":"https:\/\/www.cotentinvolibre.com\/index.php?rest_route=\/wp\/v2\/posts\/1450","targetHints":{"allow":["GET"]}}],"collection":[{"href":"https:\/\/www.cotentinvolibre.com\/index.php?rest_route=\/wp\/v2\/posts"}],"about":[{"href":"https:\/\/www.cotentinvolibre.com\/index.php?rest_route=\/wp\/v2\/types\/post"}],"author":[{"embeddable":true,"href":"https:\/\/www.cotentinvolibre.com\/index.php?rest_route=\/wp\/v2\/users\/1"}],"replies":[{"embeddable":true,"href":"https:\/\/www.cotentinvolibre.com\/index.php?rest_route=%2Fwp%2Fv2%2Fcomments&post=1450"}],"version-history":[{"count":0,"href":"https:\/\/www.cotentinvolibre.com\/index.php?rest_route=\/wp\/v2\/posts\/1450\/revisions"}],"wp:featuredmedia":[{"embeddable":true,"href":"https:\/\/www.cotentinvolibre.com\/index.php?rest_route=\/wp\/v2\/media\/1455"}],"wp:attachment":[{"href":"https:\/\/www.cotentinvolibre.com\/index.php?rest_route=%2Fwp%2Fv2%2Fmedia&parent=1450"}],"wp:term":[{"taxonomy":"category","embeddable":true,"href":"https:\/\/www.cotentinvolibre.com\/index.php?rest_route=%2Fwp%2Fv2%2Fcategories&post=1450"},{"taxonomy":"post_tag","embeddable":true,"href":"https:\/\/www.cotentinvolibre.com\/index.php?rest_route=%2Fwp%2Fv2%2Ftags&post=1450"}],"curies":[{"name":"wp","href":"https:\/\/api.w.org\/{rel}","templated":true}]}}